{"id":347,"date":"2018-06-11T09:42:48","date_gmt":"2018-06-11T06:42:48","guid":{"rendered":"http:\/\/www.lucentmaritime.com\/?p=347"},"modified":"2018-06-11T09:42:48","modified_gmt":"2018-06-11T06:42:48","slug":"seamap-projesinin-2-toplantisi-ispanyada-gerceklestirildi","status":"publish","type":"post","link":"https:\/\/www.lucentmaritime.com\/?p=347","title":{"rendered":"SEAMAP projesinin 2. Toplant\u0131s\u0131 \u0130spanya&#8217;da Ger\u00e7ekle\u015ftirildi"},"content":{"rendered":"<p>SEAMAP projesinin 2. Ulus\u00f6tesi Proje Toplant\u0131s\u0131, \u0130spanya\u2019n\u0131n Mayorka adas\u0131n\u0131n Cala d\u2019Or b\u00f6lgesinde 4-5 Haziran 2018 tarihleri aras\u0131nda ger\u00e7ekle\u015fti.<\/p>\n<p>Haberin devam\u0131 i\u00e7in,<\/p>\n<p><a href=\"http:\/\/www.denizhaber.com\/egitim\/seamap-projesinin-2-toplantisi-ispanya-da-gerceklestirildi-h75111.html\" target=\"_blank\">http:\/\/www.denizhaber.com\/egitim\/seamap-projesinin-2-toplantisi-ispanya-da-gerceklestirildi-h75111.html<\/a><\/p>\n","protected":false},"excerpt":{"rendered":"<p>SEAMAP projesinin 2. Ulus\u00f6tesi Proje Toplant\u0131s\u0131, \u0130spanya\u2019n\u0131n Mayorka adas\u0131n\u0131n Cala d\u2019Or b\u00f6lgesinde 4-5 Haziran 2018 tarihleri aras\u0131nda ger\u00e7ekle\u015fti. Haberin devam\u0131 i\u00e7in, http:\/\/www.denizhaber.com\/egitim\/seamap-projesinin-2-toplantisi-ispanya-da-gerceklestirildi-h75111.html<\/p>\n","protected":false},"author":1,"featured_media":346,"comment_status":"closed","ping_status":"closed","sticky":false,"template":"","format":"standard","meta":{"footnotes":""},"categories":[1],"tags":[],"class_list":["post-347","post","type-post","status-publish","format-standard","has-post-thumbnail","hentry","category-uncategorized"],"_links":{"self":[{"href":"https:\/\/www.lucentmaritime.com\/index.php?rest_route=\/wp\/v2\/posts\/347","targetHints":{"allow":["GET"]}}],"collection":[{"href":"https:\/\/www.lucentmaritime.com\/index.php?rest_route=\/wp\/v2\/posts"}],"about":[{"href":"https:\/\/www.lucentmaritime.com\/index.php?rest_route=\/wp\/v2\/types\/post"}],"author":[{"embeddable":true,"href":"https:\/\/www.lucentmaritime.com\/index.php?rest_route=\/wp\/v2\/users\/1"}],"replies":[{"embeddable":true,"href":"https:\/\/www.lucentmaritime.com\/index.php?rest_route=%2Fwp%2Fv2%2Fcomments&post=347"}],"version-history":[{"count":1,"href":"https:\/\/www.lucentmaritime.com\/index.php?rest_route=\/wp\/v2\/posts\/347\/revisions"}],"predecessor-version":[{"id":348,"href":"https:\/\/www.lucentmaritime.com\/index.php?rest_route=\/wp\/v2\/posts\/347\/revisions\/348"}],"wp:featuredmedia":[{"embeddable":true,"href":"https:\/\/www.lucentmaritime.com\/index.php?rest_route=\/wp\/v2\/media\/346"}],"wp:attachment":[{"href":"https:\/\/www.lucentmaritime.com\/index.php?rest_route=%2Fwp%2Fv2%2Fmedia&parent=347"}],"wp:term":[{"taxonomy":"category","embeddable":true,"href":"https:\/\/www.lucentmaritime.com\/index.php?rest_route=%2Fwp%2Fv2%2Fcategories&post=347"},{"taxonomy":"post_tag","embeddable":true,"href":"https:\/\/www.lucentmaritime.com\/index.php?rest_route=%2Fwp%2Fv2%2Ftags&post=347"}],"curies":[{"name":"wp","href":"https:\/\/api.w.org\/{rel}","templated":true}]}}